{"id":2845,"date":"2023-12-20T12:02:04","date_gmt":"2023-12-20T11:02:04","guid":{"rendered":"https:\/\/inspem.it\/bula-papal\/"},"modified":"2024-03-11T18:44:59","modified_gmt":"2024-03-11T17:44:59","slug":"bula-papal","status":"publish","type":"post","link":"https:\/\/inspem.it\/es\/bula-papal\/","title":{"rendered":"Bula papal"},"content":{"rendered":"\t\t<div data-elementor-type=\"wp-post\" data-elementor-id=\"2845\" class=\"elementor elementor-2845 elementor-603\" data-elementor-post-type=\"post\">\n\t\t\t\t<div class=\"elementor-element elementor-element-a3e23a3 e-flex e-con-boxed e-con e-parent\" data-id=\"a3e23a3\" data-element_type=\"container\">\n\t\t\t\t\t<div class=\"e-con-inner\">\n\t\t\t\t<div class=\"elementor-element elementor-element-3710ef4 elementor-widget elementor-widget-text-editor\" data-id=\"3710ef4\" data-element_type=\"widget\" data-widget_type=\"text-editor.default\">\n\t\t\t\t<div class=\"elementor-widget-container\">\n\t\t\t\t\t\t\t\t\t<h3><strong>Bula papal<\/strong><\/h3>\n\n<p>Las bulas papales son documentos oficiales emitidos por los papas de la Iglesia Cat\u00f3lica Romana. Se trata de declaraciones formales o decretos que tratan cuestiones eclesi\u00e1sticas, pr\u00e1cticas lit\u00fargicas, nombramiento de obispos, declaraciones dogm\u00e1ticas, indulgencias u otros asuntos de importancia para la Iglesia.<\/p>\n\n<p>Una bula papal suele estar escrita en lat\u00edn y a menudo sellada con el sello papal, lo que prueba la autenticidad y autoridad de su contenido. Estos documentos, normalmente escritos en pergamino, se consideran oficiales y tienen un impacto significativo dentro de la Iglesia cat\u00f3lica.<\/p>\n\n<p>Las bulas papales pueden abordar cuestiones de diversa \u00edndole, tanto en el seno de la Iglesia como en las relaciones entre \u00e9sta y el mundo exterior. Muchas bulas han dejado una huella hist\u00f3rica, perfilando decisiones cruciales a lo largo de los siglos, incluyendo el derecho can\u00f3nico, la estructura eclesi\u00e1stica, cuestiones teol\u00f3gicas y otras pr\u00e1cticas religiosas.<\/p>\n\n<p>Tambi\u00e9n son herramientas hist\u00f3ricas esenciales para comprender el desarrollo y la evoluci\u00f3n de la Iglesia cat\u00f3lica. Algunas bulas han sido fundamentales para definir dogmas, declaraciones doctrinales y decisiones eclesi\u00e1sticas, influyendo profundamente en la propia historia de la Iglesia.<\/p>\n\n<p>Algunos ejemplos famosos son la Bula de Oro del Papa Le\u00f3n X de 1520 y la Bula Unam Sanctam del Papa Bonifacio VIII de 1302, que trataban de la relaci\u00f3n entre el poder espiritual y el temporal.<\/p>\n\n<h3>La primera bula papal conocida<\/h3>\n\n<p>La primera bula papal reconocida fue la Bula Pontificum Privilegia, del a\u00f1o 385 d.C., emitida por el Papa Siricio I. Este documento, redactado en lat\u00edn, trataba cuestiones relativas a la organizaci\u00f3n y los privilegios de la Iglesia de Roma, estableciendo normas espec\u00edficas para las di\u00f3cesis y las provincias eclesi\u00e1sticas.<\/p>\n\n<p>La bula Pontificum Privilegia subrayaba la autoridad del obispo de Roma (el Papa) sobre las dem\u00e1s di\u00f3cesis y reafirmaba los derechos de jurisdicci\u00f3n de la Iglesia de Roma en materia eclesi\u00e1stica. Este documento sirvi\u00f3 de modelo para las bulas papales posteriores, sentando un precedente significativo para la autoridad del Papa y la estructura de la Iglesia cat\u00f3lica.<\/p>\n\n<h3>Las bulas papales hoy<\/h3>\n\n<p>La \u00faltima bula papal emitida oficialmente fue el 3 de julio de 2021, emitida por el Papa Francisco. La bula, titulada &#8216;Antiquum ministerium&#8217;, introduce el ministerio del catequista como instituci\u00f3n reconocida en la Iglesia cat\u00f3lica. Esta decisi\u00f3n subraya la importancia del papel de los catequistas en la difusi\u00f3n y ense\u00f1anza de la fe cat\u00f3lica y forma parte de los esfuerzos de la Iglesia por promover una pastoral m\u00e1s activa y participativa.<\/p>\n\n<p>La emisi\u00f3n de bulas papales ha disminuido a lo largo de los siglos, y los papas suelen elegir otros medios para transmitir decisiones o declaraciones importantes. Sin embargo, \u00abAntiquum ministerium\u00bb representa un ejemplo reciente del uso de bulas papales para establecer o regular cuestiones eclesi\u00e1sticas espec\u00edficas dentro de la Iglesia cat\u00f3lica.<\/p>\n\n<h3>Conservaci\u00f3n de las bulas papales<\/h3>\n\n<p>Las bulas papales suelen conservarse en los archivos de la Canciller\u00eda Apost\u00f3lica, instituci\u00f3n de la Curia Romana, en la Ciudad del Vaticano. Esta canciller\u00eda es responsable de la gesti\u00f3n de los documentos oficiales emitidos por la Santa Sede.<\/p>\n\n<p>Adem\u00e1s de en la Canciller\u00eda Apost\u00f3lica, las bulas papales se conservan tambi\u00e9n en otras instituciones y archivos eclesi\u00e1sticos, tanto en el Vaticano como en distintas partes del mundo. Algunos ejemplares pueden conservarse en bibliotecas eclesi\u00e1sticas, museos o archivos diocesanos, sobre todo cuando se refieren a cuestiones locales o hist\u00f3ricas concretas.<\/p>\n\n<p>Estos documentos hist\u00f3ricos son muy valiosos para eruditos, historiadores e interesados en la historia eclesi\u00e1stica y el derecho can\u00f3nico.<\/p>\n\t\t\t\t\t\t\t\t<\/div>\n\t\t\t\t<\/div>\n\t\t\t\t\t<\/div>\n\t\t\t\t<\/div>\n\t\t\t\t<\/div>\n\t\t","protected":false},"excerpt":{"rendered":"<p>Explore las bulas papales, documentos clave de la Iglesia cat\u00f3lica, que reflejan decisiones hist\u00f3ricas y doctrinales desde la \u00e9poca del Papa Siricio hasta la actualidad.<\/p>\n","protected":false},"author":4,"featured_media":2669,"comment_status":"open","ping_status":"open","sticky":false,"template":"","format":"standard","meta":{"footnotes":""},"categories":[89],"tags":[],"class_list":["post-2845","post","type-post","status-publish","format-standard","has-post-thumbnail","hentry","category-ritos-y-ceremonias-liturgicas"],"yoast_head":"<!-- This site is optimized with the Yoast SEO plugin v26.5 - https:\/\/yoast.com\/wordpress\/plugins\/seo\/ -->\n<title>Bula papal: evoluci\u00f3n, impacto e historia en la Iglesia cat\u00f3lica<\/title>\n<meta name=\"description\" content=\"Bulas papales: del Papa Siricio al Papa Francisco, documentos que han marcado la historia y la doctrina de la Iglesia.\" \/>\n<meta name=\"robots\" content=\"index, follow, max-snippet:-1, max-image-preview:large, max-video-preview:-1\" \/>\n<link rel=\"canonical\" href=\"https:\/\/inspem.it\/es\/bula-papal\/\" \/>\n<meta property=\"og:locale\" content=\"es_ES\" \/>\n<meta property=\"og:type\" content=\"article\" \/>\n<meta property=\"og:title\" content=\"Bula papal: evoluci\u00f3n, impacto e historia en la Iglesia cat\u00f3lica\" \/>\n<meta property=\"og:description\" content=\"Bulas papales: del Papa Siricio al Papa Francisco, documentos que han marcado la historia y la doctrina de la Iglesia.\" \/>\n<meta property=\"og:url\" content=\"https:\/\/inspem.it\/es\/bula-papal\/\" \/>\n<meta property=\"og:site_name\" content=\"InSpem\" \/>\n<meta property=\"article:published_time\" content=\"2023-12-20T11:02:04+00:00\" \/>\n<meta property=\"article:modified_time\" content=\"2024-03-11T17:44:59+00:00\" \/>\n<meta property=\"og:image\" content=\"https:\/\/inspem.it\/wp-content\/uploads\/2023\/12\/bolla-papale-copia.webp\" \/>\n\t<meta property=\"og:image:width\" content=\"1024\" \/>\n\t<meta property=\"og:image:height\" content=\"1024\" \/>\n\t<meta property=\"og:image:type\" content=\"image\/webp\" \/>\n<meta name=\"author\" content=\"Daniela\" \/>\n<meta name=\"twitter:card\" content=\"summary_large_image\" \/>\n<meta name=\"twitter:label1\" content=\"Escrito por\" \/>\n\t<meta name=\"twitter:data1\" content=\"Daniela\" \/>\n\t<meta name=\"twitter:label2\" content=\"Tiempo de lectura\" \/>\n\t<meta name=\"twitter:data2\" content=\"3 minutos\" \/>\n<script type=\"application\/ld+json\" class=\"yoast-schema-graph\">{\"@context\":\"https:\/\/schema.org\",\"@graph\":[{\"@type\":\"Article\",\"@id\":\"https:\/\/inspem.it\/es\/bula-papal\/#article\",\"isPartOf\":{\"@id\":\"https:\/\/inspem.it\/es\/bula-papal\/\"},\"author\":{\"name\":\"Daniela\",\"@id\":\"https:\/\/inspem.it\/es\/#\/schema\/person\/938c873340baaef64e019c5ede3f23ce\"},\"headline\":\"Bula papal\",\"datePublished\":\"2023-12-20T11:02:04+00:00\",\"dateModified\":\"2024-03-11T17:44:59+00:00\",\"mainEntityOfPage\":{\"@id\":\"https:\/\/inspem.it\/es\/bula-papal\/\"},\"wordCount\":623,\"commentCount\":0,\"publisher\":{\"@id\":\"https:\/\/inspem.it\/es\/#organization\"},\"image\":{\"@id\":\"https:\/\/inspem.it\/es\/bula-papal\/#primaryimage\"},\"thumbnailUrl\":\"https:\/\/inspem.it\/wp-content\/uploads\/2023\/12\/bolla-papale-copia.webp\",\"articleSection\":[\"Ritos y ceremonias lit\u00fargicas\"],\"inLanguage\":\"es\",\"potentialAction\":[{\"@type\":\"CommentAction\",\"name\":\"Comment\",\"target\":[\"https:\/\/inspem.it\/es\/bula-papal\/#respond\"]}]},{\"@type\":\"WebPage\",\"@id\":\"https:\/\/inspem.it\/es\/bula-papal\/\",\"url\":\"https:\/\/inspem.it\/es\/bula-papal\/\",\"name\":\"Bula papal: evoluci\u00f3n, impacto e historia en la Iglesia cat\u00f3lica\",\"isPartOf\":{\"@id\":\"https:\/\/inspem.it\/es\/#website\"},\"primaryImageOfPage\":{\"@id\":\"https:\/\/inspem.it\/es\/bula-papal\/#primaryimage\"},\"image\":{\"@id\":\"https:\/\/inspem.it\/es\/bula-papal\/#primaryimage\"},\"thumbnailUrl\":\"https:\/\/inspem.it\/wp-content\/uploads\/2023\/12\/bolla-papale-copia.webp\",\"datePublished\":\"2023-12-20T11:02:04+00:00\",\"dateModified\":\"2024-03-11T17:44:59+00:00\",\"description\":\"Bulas papales: del Papa Siricio al Papa Francisco, documentos que han marcado la historia y la doctrina de la Iglesia.\",\"breadcrumb\":{\"@id\":\"https:\/\/inspem.it\/es\/bula-papal\/#breadcrumb\"},\"inLanguage\":\"es\",\"potentialAction\":[{\"@type\":\"ReadAction\",\"target\":[\"https:\/\/inspem.it\/es\/bula-papal\/\"]}]},{\"@type\":\"ImageObject\",\"inLanguage\":\"es\",\"@id\":\"https:\/\/inspem.it\/es\/bula-papal\/#primaryimage\",\"url\":\"https:\/\/inspem.it\/wp-content\/uploads\/2023\/12\/bolla-papale-copia.webp\",\"contentUrl\":\"https:\/\/inspem.it\/wp-content\/uploads\/2023\/12\/bolla-papale-copia.webp\",\"width\":1024,\"height\":1024,\"caption\":\"Bolla Papale\"},{\"@type\":\"BreadcrumbList\",\"@id\":\"https:\/\/inspem.it\/es\/bula-papal\/#breadcrumb\",\"itemListElement\":[{\"@type\":\"ListItem\",\"position\":1,\"name\":\"Home\",\"item\":\"https:\/\/inspem.it\/es\/inicio\/\"},{\"@type\":\"ListItem\",\"position\":2,\"name\":\"Bula papal\"}]},{\"@type\":\"WebSite\",\"@id\":\"https:\/\/inspem.it\/es\/#website\",\"url\":\"https:\/\/inspem.it\/es\/\",\"name\":\"InSpem\",\"description\":\"\",\"publisher\":{\"@id\":\"https:\/\/inspem.it\/es\/#organization\"},\"potentialAction\":[{\"@type\":\"SearchAction\",\"target\":{\"@type\":\"EntryPoint\",\"urlTemplate\":\"https:\/\/inspem.it\/es\/?s={search_term_string}\"},\"query-input\":{\"@type\":\"PropertyValueSpecification\",\"valueRequired\":true,\"valueName\":\"search_term_string\"}}],\"inLanguage\":\"es\"},{\"@type\":\"Organization\",\"@id\":\"https:\/\/inspem.it\/es\/#organization\",\"name\":\"InSpem\",\"url\":\"https:\/\/inspem.it\/es\/\",\"logo\":{\"@type\":\"ImageObject\",\"inLanguage\":\"es\",\"@id\":\"https:\/\/inspem.it\/es\/#\/schema\/logo\/image\/\",\"url\":\"https:\/\/inspem.it\/wp-content\/uploads\/2023\/03\/logo_spes_black.png\",\"contentUrl\":\"https:\/\/inspem.it\/wp-content\/uploads\/2023\/03\/logo_spes_black.png\",\"width\":512,\"height\":136,\"caption\":\"InSpem\"},\"image\":{\"@id\":\"https:\/\/inspem.it\/es\/#\/schema\/logo\/image\/\"}},{\"@type\":\"Person\",\"@id\":\"https:\/\/inspem.it\/es\/#\/schema\/person\/938c873340baaef64e019c5ede3f23ce\",\"name\":\"Daniela\",\"image\":{\"@type\":\"ImageObject\",\"inLanguage\":\"es\",\"@id\":\"https:\/\/inspem.it\/es\/#\/schema\/person\/image\/\",\"url\":\"https:\/\/secure.gravatar.com\/avatar\/6d4da6f10600d56f14d4f81a19027cdaa7ab7a6593344ca4c8897c73226f7a39?s=96&d=mm&r=g\",\"contentUrl\":\"https:\/\/secure.gravatar.com\/avatar\/6d4da6f10600d56f14d4f81a19027cdaa7ab7a6593344ca4c8897c73226f7a39?s=96&d=mm&r=g\",\"caption\":\"Daniela\"},\"sameAs\":[\"https:\/\/inspem.it\"],\"url\":\"https:\/\/inspem.it\/es\/author\/daniela\/\"}]}<\/script>\n<!-- \/ Yoast SEO plugin. -->","yoast_head_json":{"title":"Bula papal: evoluci\u00f3n, impacto e historia en la Iglesia cat\u00f3lica","description":"Bulas papales: del Papa Siricio al Papa Francisco, documentos que han marcado la historia y la doctrina de la Iglesia.","robots":{"index":"index","follow":"follow","max-snippet":"max-snippet:-1","max-image-preview":"max-image-preview:large","max-video-preview":"max-video-preview:-1"},"canonical":"https:\/\/inspem.it\/es\/bula-papal\/","og_locale":"es_ES","og_type":"article","og_title":"Bula papal: evoluci\u00f3n, impacto e historia en la Iglesia cat\u00f3lica","og_description":"Bulas papales: del Papa Siricio al Papa Francisco, documentos que han marcado la historia y la doctrina de la Iglesia.","og_url":"https:\/\/inspem.it\/es\/bula-papal\/","og_site_name":"InSpem","article_published_time":"2023-12-20T11:02:04+00:00","article_modified_time":"2024-03-11T17:44:59+00:00","og_image":[{"width":1024,"height":1024,"url":"https:\/\/inspem.it\/wp-content\/uploads\/2023\/12\/bolla-papale-copia.webp","type":"image\/webp"}],"author":"Daniela","twitter_card":"summary_large_image","twitter_misc":{"Escrito por":"Daniela","Tiempo de lectura":"3 minutos"},"schema":{"@context":"https:\/\/schema.org","@graph":[{"@type":"Article","@id":"https:\/\/inspem.it\/es\/bula-papal\/#article","isPartOf":{"@id":"https:\/\/inspem.it\/es\/bula-papal\/"},"author":{"name":"Daniela","@id":"https:\/\/inspem.it\/es\/#\/schema\/person\/938c873340baaef64e019c5ede3f23ce"},"headline":"Bula papal","datePublished":"2023-12-20T11:02:04+00:00","dateModified":"2024-03-11T17:44:59+00:00","mainEntityOfPage":{"@id":"https:\/\/inspem.it\/es\/bula-papal\/"},"wordCount":623,"commentCount":0,"publisher":{"@id":"https:\/\/inspem.it\/es\/#organization"},"image":{"@id":"https:\/\/inspem.it\/es\/bula-papal\/#primaryimage"},"thumbnailUrl":"https:\/\/inspem.it\/wp-content\/uploads\/2023\/12\/bolla-papale-copia.webp","articleSection":["Ritos y ceremonias lit\u00fargicas"],"inLanguage":"es","potentialAction":[{"@type":"CommentAction","name":"Comment","target":["https:\/\/inspem.it\/es\/bula-papal\/#respond"]}]},{"@type":"WebPage","@id":"https:\/\/inspem.it\/es\/bula-papal\/","url":"https:\/\/inspem.it\/es\/bula-papal\/","name":"Bula papal: evoluci\u00f3n, impacto e historia en la Iglesia cat\u00f3lica","isPartOf":{"@id":"https:\/\/inspem.it\/es\/#website"},"primaryImageOfPage":{"@id":"https:\/\/inspem.it\/es\/bula-papal\/#primaryimage"},"image":{"@id":"https:\/\/inspem.it\/es\/bula-papal\/#primaryimage"},"thumbnailUrl":"https:\/\/inspem.it\/wp-content\/uploads\/2023\/12\/bolla-papale-copia.webp","datePublished":"2023-12-20T11:02:04+00:00","dateModified":"2024-03-11T17:44:59+00:00","description":"Bulas papales: del Papa Siricio al Papa Francisco, documentos que han marcado la historia y la doctrina de la Iglesia.","breadcrumb":{"@id":"https:\/\/inspem.it\/es\/bula-papal\/#breadcrumb"},"inLanguage":"es","potentialAction":[{"@type":"ReadAction","target":["https:\/\/inspem.it\/es\/bula-papal\/"]}]},{"@type":"ImageObject","inLanguage":"es","@id":"https:\/\/inspem.it\/es\/bula-papal\/#primaryimage","url":"https:\/\/inspem.it\/wp-content\/uploads\/2023\/12\/bolla-papale-copia.webp","contentUrl":"https:\/\/inspem.it\/wp-content\/uploads\/2023\/12\/bolla-papale-copia.webp","width":1024,"height":1024,"caption":"Bolla Papale"},{"@type":"BreadcrumbList","@id":"https:\/\/inspem.it\/es\/bula-papal\/#breadcrumb","itemListElement":[{"@type":"ListItem","position":1,"name":"Home","item":"https:\/\/inspem.it\/es\/inicio\/"},{"@type":"ListItem","position":2,"name":"Bula papal"}]},{"@type":"WebSite","@id":"https:\/\/inspem.it\/es\/#website","url":"https:\/\/inspem.it\/es\/","name":"InSpem","description":"","publisher":{"@id":"https:\/\/inspem.it\/es\/#organization"},"potentialAction":[{"@type":"SearchAction","target":{"@type":"EntryPoint","urlTemplate":"https:\/\/inspem.it\/es\/?s={search_term_string}"},"query-input":{"@type":"PropertyValueSpecification","valueRequired":true,"valueName":"search_term_string"}}],"inLanguage":"es"},{"@type":"Organization","@id":"https:\/\/inspem.it\/es\/#organization","name":"InSpem","url":"https:\/\/inspem.it\/es\/","logo":{"@type":"ImageObject","inLanguage":"es","@id":"https:\/\/inspem.it\/es\/#\/schema\/logo\/image\/","url":"https:\/\/inspem.it\/wp-content\/uploads\/2023\/03\/logo_spes_black.png","contentUrl":"https:\/\/inspem.it\/wp-content\/uploads\/2023\/03\/logo_spes_black.png","width":512,"height":136,"caption":"InSpem"},"image":{"@id":"https:\/\/inspem.it\/es\/#\/schema\/logo\/image\/"}},{"@type":"Person","@id":"https:\/\/inspem.it\/es\/#\/schema\/person\/938c873340baaef64e019c5ede3f23ce","name":"Daniela","image":{"@type":"ImageObject","inLanguage":"es","@id":"https:\/\/inspem.it\/es\/#\/schema\/person\/image\/","url":"https:\/\/secure.gravatar.com\/avatar\/6d4da6f10600d56f14d4f81a19027cdaa7ab7a6593344ca4c8897c73226f7a39?s=96&d=mm&r=g","contentUrl":"https:\/\/secure.gravatar.com\/avatar\/6d4da6f10600d56f14d4f81a19027cdaa7ab7a6593344ca4c8897c73226f7a39?s=96&d=mm&r=g","caption":"Daniela"},"sameAs":["https:\/\/inspem.it"],"url":"https:\/\/inspem.it\/es\/author\/daniela\/"}]}},"_links":{"self":[{"href":"https:\/\/inspem.it\/es\/wp-json\/wp\/v2\/posts\/2845","targetHints":{"allow":["GET"]}}],"collection":[{"href":"https:\/\/inspem.it\/es\/wp-json\/wp\/v2\/posts"}],"about":[{"href":"https:\/\/inspem.it\/es\/wp-json\/wp\/v2\/types\/post"}],"author":[{"embeddable":true,"href":"https:\/\/inspem.it\/es\/wp-json\/wp\/v2\/users\/4"}],"replies":[{"embeddable":true,"href":"https:\/\/inspem.it\/es\/wp-json\/wp\/v2\/comments?post=2845"}],"version-history":[{"count":1,"href":"https:\/\/inspem.it\/es\/wp-json\/wp\/v2\/posts\/2845\/revisions"}],"predecessor-version":[{"id":2851,"href":"https:\/\/inspem.it\/es\/wp-json\/wp\/v2\/posts\/2845\/revisions\/2851"}],"wp:featuredmedia":[{"embeddable":true,"href":"https:\/\/inspem.it\/es\/wp-json\/wp\/v2\/media\/2669"}],"wp:attachment":[{"href":"https:\/\/inspem.it\/es\/wp-json\/wp\/v2\/media?parent=2845"}],"wp:term":[{"taxonomy":"category","embeddable":true,"href":"https:\/\/inspem.it\/es\/wp-json\/wp\/v2\/categories?post=2845"},{"taxonomy":"post_tag","embeddable":true,"href":"https:\/\/inspem.it\/es\/wp-json\/wp\/v2\/tags?post=2845"}],"curies":[{"name":"wp","href":"https:\/\/api.w.org\/{rel}","templated":true}]}}